{"id":2435,"date":"2022-08-08T18:40:00","date_gmt":"2022-08-08T15:40:00","guid":{"rendered":"https:\/\/www.gotatil.com\/blog\/?p=2435"},"modified":"2023-04-25T23:01:07","modified_gmt":"2023-04-25T20:01:07","slug":"kalkanda-gezilecek-yerler","status":"publish","type":"post","link":"https:\/\/www.gotatil.com\/blog\/kalkanda-gezilecek-yerler\/","title":{"rendered":"Kalkan&#8217;da Gezilecek Yerler"},"content":{"rendered":"\n<p>Kalkan, her y\u0131l binlerce turiste ev sahipli\u011fi yapan, muhte\u015fem do\u011fas\u0131 ve g\u00fczellikleri ile tan\u0131nan kusursuz bir belde. Do\u011fal g\u00fczellikleri ile dikkat \u00e7eken Kalkan, ayn\u0131 zamanda gezilecek ve g\u00f6r\u00fclecek pek \u00e7ok cazibe merkezine sahip.&nbsp;<\/p>\n\n\n\n<figure class=\"wp-block-image size-full\"><img fetchpriority=\"high\" decoding=\"async\" width=\"798\" height=\"518\" src=\"https:\/\/www.gotatil.com\/blog\/wp-content\/uploads\/2022\/08\/kalkan.png\" alt=\"\" class=\"wp-image-2570\" srcset=\"https:\/\/www.gotatil.com\/blog\/wp-content\/uploads\/2022\/08\/kalkan.png 798w, https:\/\/www.gotatil.com\/blog\/wp-content\/uploads\/2022\/08\/kalkan-300x195.png 300w, https:\/\/www.gotatil.com\/blog\/wp-content\/uploads\/2022\/08\/kalkan-768x499.png 768w, https:\/\/www.gotatil.com\/blog\/wp-content\/uploads\/2022\/08\/kalkan-380x247.png 380w\" sizes=\"(max-width: 798px) 100vw, 798px\" \/><\/figure>\n\n\n\n<p>Tarih boyunca, medeniyetlerin u\u011frak noktas\u0131 olmu\u015f ve her zaman el \u00fcst\u00fcnde tutulmu\u015f olan bu b\u00f6lgede, her g\u00fcn\u00fcn\u00fcz\u00fc dolu dolu ge\u00e7irmeniz ve unutulmaz bir tatil ya\u015faman\u0131z i\u00e7in g\u00f6rmeniz gereken baz\u0131 yerleri sizler i\u00e7in listeledik.&nbsp;<\/p>\n\n\n\n<div id=\"ez-toc-container\" class=\"ez-toc-v2_0_71 counter-hierarchy ez-toc-counter ez-toc-light-blue ez-toc-container-direction\">\n<label for=\"ez-toc-cssicon-toggle-item-69f1cf2e23200\" class=\"ez-toc-cssicon-toggle-label\"><span class=\"\"><span class=\"eztoc-hide\" style=\"display:none;\">Toggle<\/span><span class=\"ez-toc-icon-toggle-span\"><svg style=\"fill: #999;color:#999\" xmlns=\"http:\/\/www.w3.org\/2000\/svg\" class=\"list-377408\" width=\"20px\" height=\"20px\" viewBox=\"0 0 24 24\" fill=\"none\"><path d=\"M6 6H4v2h2V6zm14 0H8v2h12V6zM4 11h2v2H4v-2zm16 0H8v2h12v-2zM4 16h2v2H4v-2zm16 0H8v2h12v-2z\" fill=\"currentColor\"><\/path><\/svg><svg style=\"fill: #999;color:#999\" class=\"arrow-unsorted-368013\" xmlns=\"http:\/\/www.w3.org\/2000\/svg\" width=\"10px\" height=\"10px\" viewBox=\"0 0 24 24\" version=\"1.2\" baseProfile=\"tiny\"><path d=\"M18.2 9.3l-6.2-6.3-6.2 6.3c-.2.2-.3.4-.3.7s.1.5.3.7c.2.2.4.3.7.3h11c.3 0 .5-.1.7-.3.2-.2.3-.5.3-.7s-.1-.5-.3-.7zM5.8 14.7l6.2 6.3 6.2-6.3c.2-.2.3-.5.3-.7s-.1-.5-.3-.7c-.2-.2-.4-.3-.7-.3h-11c-.3 0-.5.1-.7.3-.2.2-.3.5-.3.7s.1.5.3.7z\"\/><\/svg><\/span><\/span><\/label><input type=\"checkbox\"  id=\"ez-toc-cssicon-toggle-item-69f1cf2e23200\"  aria-label=\"Toggle\" \/><nav><ul class='ez-toc-list ez-toc-list-level-1 ' ><li class='ez-toc-page-1 ez-toc-heading-level-2'><a class=\"ez-toc-link ez-toc-heading-1\" href=\"https:\/\/www.gotatil.com\/blog\/kalkanda-gezilecek-yerler\/#Patara_Plaji_ve_Antik_Kenti\" title=\"Patara Plaj\u0131 ve Antik Kenti\">Patara Plaj\u0131 ve Antik Kenti<\/a><\/li><li class='ez-toc-page-1 ez-toc-heading-level-2'><a class=\"ez-toc-link ez-toc-heading-2\" href=\"https:\/\/www.gotatil.com\/blog\/kalkanda-gezilecek-yerler\/#Kaputas_Plaji\" title=\"Kaputa\u015f Plaj\u0131\">Kaputa\u015f Plaj\u0131<\/a><\/li><li class='ez-toc-page-1 ez-toc-heading-level-2'><a class=\"ez-toc-link ez-toc-heading-3\" href=\"https:\/\/www.gotatil.com\/blog\/kalkanda-gezilecek-yerler\/#Mavi_Magara\" title=\"Mavi Ma\u011fara\">Mavi Ma\u011fara<\/a><\/li><li class='ez-toc-page-1 ez-toc-heading-level-2'><a class=\"ez-toc-link ez-toc-heading-4\" href=\"https:\/\/www.gotatil.com\/blog\/kalkanda-gezilecek-yerler\/#Guvercinlik_Deniz_Magarasi\" title=\"G\u00fcvercinlik Deniz Ma\u011faras\u0131\">G\u00fcvercinlik Deniz Ma\u011faras\u0131<\/a><\/li><li class='ez-toc-page-1 ez-toc-heading-level-2'><a class=\"ez-toc-link ez-toc-heading-5\" href=\"https:\/\/www.gotatil.com\/blog\/kalkanda-gezilecek-yerler\/#Saklikent_Kanyonu\" title=\"Sakl\u0131kent Kanyonu\">Sakl\u0131kent Kanyonu<\/a><\/li><li class='ez-toc-page-1 ez-toc-heading-level-2'><a class=\"ez-toc-link ez-toc-heading-6\" href=\"https:\/\/www.gotatil.com\/blog\/kalkanda-gezilecek-yerler\/#Myra_Antik_Kenti\" title=\"Myra Antik Kenti\">Myra Antik Kenti<\/a><\/li><li class='ez-toc-page-1 ez-toc-heading-level-2'><a class=\"ez-toc-link ez-toc-heading-7\" href=\"https:\/\/www.gotatil.com\/blog\/kalkanda-gezilecek-yerler\/#Xanthos_Antik_Kenti\" title=\"Xanthos Antik Kenti\">Xanthos Antik Kenti<\/a><\/li><li class='ez-toc-page-1 ez-toc-heading-level-2'><a class=\"ez-toc-link ez-toc-heading-8\" href=\"https:\/\/www.gotatil.com\/blog\/kalkanda-gezilecek-yerler\/#Kekova\" title=\"Kekova\">Kekova<\/a><\/li><li class='ez-toc-page-1 ez-toc-heading-level-2'><a class=\"ez-toc-link ez-toc-heading-9\" href=\"https:\/\/www.gotatil.com\/blog\/kalkanda-gezilecek-yerler\/#Seyrek_Cakil_Plaji\" title=\"Seyrek \u00c7ak\u0131l Plaj\u0131\">Seyrek \u00c7ak\u0131l Plaj\u0131<\/a><\/li><li class='ez-toc-page-1 ez-toc-heading-level-2'><a class=\"ez-toc-link ez-toc-heading-10\" href=\"https:\/\/www.gotatil.com\/blog\/kalkanda-gezilecek-yerler\/#Kalkanda_Kesfedilecek_Cok_Yer_Var\" title=\"Kalkan\u2019da Ke\u015ffedilecek \u00c7ok Yer Var!\">Kalkan\u2019da Ke\u015ffedilecek \u00c7ok Yer Var!<\/a><\/li><\/ul><\/nav><\/div>\n<h2 class=\"wp-block-heading\"><span class=\"ez-toc-section\" id=\"Patara_Plaji_ve_Antik_Kenti\"><\/span><strong>Patara Plaj\u0131 ve Antik Kenti<\/strong><span class=\"ez-toc-section-end\"><\/span><\/h2>\n\n\n\n<figure class=\"wp-block-image size-full\"><img decoding=\"async\" width=\"784\" height=\"466\" src=\"https:\/\/www.gotatil.com\/blog\/wp-content\/uploads\/2022\/08\/patara-plaji.png\" alt=\"\" class=\"wp-image-2561\" srcset=\"https:\/\/www.gotatil.com\/blog\/wp-content\/uploads\/2022\/08\/patara-plaji.png 784w, https:\/\/www.gotatil.com\/blog\/wp-content\/uploads\/2022\/08\/patara-plaji-300x178.png 300w, https:\/\/www.gotatil.com\/blog\/wp-content\/uploads\/2022\/08\/patara-plaji-768x456.png 768w, https:\/\/www.gotatil.com\/blog\/wp-content\/uploads\/2022\/08\/patara-plaji-380x226.png 380w\" sizes=\"(max-width: 784px) 100vw, 784px\" \/><\/figure>\n\n\n\n<p>Patara, b\u00f6lgenin en \u00fcnl\u00fc do\u011fal g\u00fczelliklerinden biri olarak kabul ediliyor. Sadece T\u00fcrkiye i\u00e7in de\u011fil, d\u00fcnya i\u00e7in de \u00f6nemli bir yer olan Patara\u2019da, 12 kilometre uzunlu\u011funda bir plaj sizi bekliyor. Caretta Caretta kaplumba\u011falar\u0131n\u0131n yumurtlama alanlar\u0131ndan biri olan Patara Plaj\u0131, ayn\u0131 zamanda adeta \u00e7\u00f6l atmosferi veren kum tepelerine de sahip.&nbsp;<\/p>\n\n\n\n<p><a href=\"https:\/\/www.gotatil.com\/blog\/patara-plaji\/\" target=\"_blank\" rel=\"noreferrer noopener\">Patara Plaj\u0131<\/a> ile birlikte, plajdan sadece 10 dakikal\u0131k bir y\u00fcr\u00fcy\u00fc\u015fle ula\u015fabilece\u011finiz Patara Antik Kenti de mutlaka g\u00f6r\u00fclmesi gereken yerlerden bir tanesi. Olduk\u00e7a iyi korunmu\u015f bir antik tiyatro ve hamam bulunan antik kent, b\u00f6lgenin tarihini yak\u0131ndan tan\u0131man\u0131z ad\u0131na olduk\u00e7a \u00f6nemli.<\/p>\n\n\n\n<figure class=\"wp-block-image size-full\"><img decoding=\"async\" width=\"716\" height=\"496\" src=\"https:\/\/www.gotatil.com\/blog\/wp-content\/uploads\/2022\/08\/patara-antik-kenti.png\" alt=\"\" class=\"wp-image-2562\" srcset=\"https:\/\/www.gotatil.com\/blog\/wp-content\/uploads\/2022\/08\/patara-antik-kenti.png 716w, https:\/\/www.gotatil.com\/blog\/wp-content\/uploads\/2022\/08\/patara-antik-kenti-300x208.png 300w, https:\/\/www.gotatil.com\/blog\/wp-content\/uploads\/2022\/08\/patara-antik-kenti-380x263.png 380w\" sizes=\"(max-width: 716px) 100vw, 716px\" \/><\/figure>\n\n\n\n<p>Kalkan\u2019a geldi\u011finiz zaman, \u00f6zellikle plaj\u0131 ziyaret etmeyi ihmal etmemelisiniz. Patara Plaj\u0131, g\u00fcn bat\u0131m\u0131nda muhte\u015fem sahnelere ev sahipli\u011fi yapt\u0131\u011f\u0131 i\u00e7in foto\u011fraf makinenizi yan\u0131n\u0131zda g\u00f6t\u00fcrmeyi unutmay\u0131n.&nbsp;<\/p>\n\n\n\n<h2 class=\"wp-block-heading\"><span class=\"ez-toc-section\" id=\"Kaputas_Plaji\"><\/span><strong>Kaputa\u015f Plaj\u0131<\/strong><span class=\"ez-toc-section-end\"><\/span><\/h2>\n\n\n\n<figure class=\"wp-block-image size-full\"><img loading=\"lazy\" decoding=\"async\" width=\"868\" height=\"439\" src=\"https:\/\/www.gotatil.com\/blog\/wp-content\/uploads\/2022\/08\/kaputas-plaji.png\" alt=\"\" class=\"wp-image-2563\" srcset=\"https:\/\/www.gotatil.com\/blog\/wp-content\/uploads\/2022\/08\/kaputas-plaji.png 868w, https:\/\/www.gotatil.com\/blog\/wp-content\/uploads\/2022\/08\/kaputas-plaji-300x152.png 300w, https:\/\/www.gotatil.com\/blog\/wp-content\/uploads\/2022\/08\/kaputas-plaji-768x388.png 768w, https:\/\/www.gotatil.com\/blog\/wp-content\/uploads\/2022\/08\/kaputas-plaji-380x192.png 380w, https:\/\/www.gotatil.com\/blog\/wp-content\/uploads\/2022\/08\/kaputas-plaji-800x405.png 800w\" sizes=\"(max-width: 868px) 100vw, 868px\" \/><\/figure>\n\n\n\n<p>Kalkan ve Ka\u015f aras\u0131nda yer alan bu sakl\u0131 cennet, g\u00f6ren herkesi kendine hayran b\u0131rakan muhte\u015fem bir do\u011fal g\u00fczelli\u011fe sahip. Tam anlam\u0131yla, iki da\u011f\u0131n aras\u0131nda kalan bir vadide bulunan Kaputa\u015f Plaj\u0131, iyi korunmas\u0131 ve tertemiz denizi ile tan\u0131n\u0131yor.<\/p>\n\n\n\n<p><a href=\"https:\/\/www.gotatil.com\/blog\/kaputas-plaji\/\" target=\"_blank\" rel=\"noreferrer noopener\">Kaputa\u015f Plaj\u0131<\/a>, suyun alt\u0131ndan \u00e7\u0131kan do\u011fal kaynak sular\u0131 ile devaml\u0131 olarak besleniyor. Olduk\u00e7a serin sular\u0131 olan plajda e\u015fsiz bir atmosfer sizi bekliyor. Plaj\u0131n bu \u00f6zelli\u011fi sayesinde, her zaman temiz kald\u0131\u011f\u0131 biliniyor.\u00a0<\/p>\n\n\n\n<p>\u0130yi korunan bir do\u011fal g\u00fczellik olan Kaputa\u015f Plaj\u0131\u2019na ula\u015fmak i\u00e7in 187 basamaktan olu\u015fan bir merdivenden inmeniz gerekiyor. Yorucu olsa da g\u00f6r\u00fclmeye de\u011fer olan bu plajda t\u00fcm g\u00fcn boyunca iyi vakit ge\u00e7irebilir ve kendinizi do\u011fan\u0131n huzuruna b\u0131rakabilirsiniz.&nbsp;<\/p>\n\n\n\n<p>Plajda belediyeye ait bir i\u015fletme de mevcut. Yeme i\u00e7me ihtiya\u00e7lar\u0131n\u0131z\u0131 kar\u015f\u0131layabilece\u011finiz i\u015fletme, \u015fezlong ve \u015femsiye hizmeti de veriyor.&nbsp;<\/p>\n\n\n\n<h2 class=\"wp-block-heading\"><span class=\"ez-toc-section\" id=\"Mavi_Magara\"><\/span><strong>Mavi Ma\u011fara<\/strong><span class=\"ez-toc-section-end\"><\/span><\/h2>\n\n\n\n<figure class=\"wp-block-image size-full\"><img loading=\"lazy\" decoding=\"async\" width=\"907\" height=\"604\" src=\"https:\/\/www.gotatil.com\/blog\/wp-content\/uploads\/2022\/08\/mavi-magara.png\" alt=\"\" class=\"wp-image-2560\" srcset=\"https:\/\/www.gotatil.com\/blog\/wp-content\/uploads\/2022\/08\/mavi-magara.png 907w, https:\/\/www.gotatil.com\/blog\/wp-content\/uploads\/2022\/08\/mavi-magara-300x200.png 300w, https:\/\/www.gotatil.com\/blog\/wp-content\/uploads\/2022\/08\/mavi-magara-768x511.png 768w, https:\/\/www.gotatil.com\/blog\/wp-content\/uploads\/2022\/08\/mavi-magara-380x253.png 380w, https:\/\/www.gotatil.com\/blog\/wp-content\/uploads\/2022\/08\/mavi-magara-800x533.png 800w\" sizes=\"(max-width: 907px) 100vw, 907px\" \/><\/figure>\n\n\n\n<p>Mavi Ma\u011fara, b\u00fcy\u00fcleyici do\u011fal g\u00fczelli\u011fi ile b\u00f6lgenin en \u00e7ok dikkat \u00e7eken yerlerinden biri olarak biliniyor. Denizden ula\u015f\u0131labilen bu ma\u011farada, dar giri\u015ften i\u00e7eriye s\u0131zan g\u00fcne\u015f \u0131\u015f\u0131nlar\u0131n\u0131n yaratt\u0131\u011f\u0131 muhte\u015fem bir g\u00f6rsel \u015f\u00f6len sizi bekliyor.&nbsp;<\/p>\n\n\n\n<p>Akdeniz foklar\u0131na da ev sahipli\u011fi yapan ma\u011faraya, Kalkan kent merkezinden yakla\u015f\u0131k alt\u0131 kilometrelik bir yolculukla ula\u015fmak m\u00fcmk\u00fcn. Kaputa\u015f Plaj\u0131\u2019na \u00e7ok yak\u0131n bir konumda bulunan Mavi Ma\u011fara, ayn\u0131 zamanda pek \u00e7ok tekne turunun da u\u011frak noktalar\u0131ndan biri olarak biliniyor.&nbsp;<\/p>\n\n\n\n<p>Mavi Ma\u011fara\u2019ya karayolu ile ula\u015f\u0131m yok. \u00d6zel olarak bu ma\u011faray\u0131 ziyaret eden tekne turlar\u0131na kat\u0131labilece\u011finiz gibii, Mavi Ma\u011fara da dahil olmak \u00fczere, pek \u00e7ok yeri g\u00f6rebilece\u011finiz turlarla da b\u00f6lgeye ula\u015fabilmeniz m\u00fcmk\u00fcn.&nbsp;<\/p>\n\n\n\n<h2 class=\"wp-block-heading\"><span class=\"ez-toc-section\" id=\"Guvercinlik_Deniz_Magarasi\"><\/span><strong>G\u00fcvercinlik Deniz Ma\u011faras\u0131<\/strong><span class=\"ez-toc-section-end\"><\/span><\/h2>\n\n\n\n<figure class=\"wp-block-image size-full\"><img loading=\"lazy\" decoding=\"async\" width=\"722\" height=\"394\" src=\"https:\/\/www.gotatil.com\/blog\/wp-content\/uploads\/2022\/08\/guvercinlik-deniz-magarasi.png\" alt=\"\" class=\"wp-image-2564\" srcset=\"https:\/\/www.gotatil.com\/blog\/wp-content\/uploads\/2022\/08\/guvercinlik-deniz-magarasi.png 722w, https:\/\/www.gotatil.com\/blog\/wp-content\/uploads\/2022\/08\/guvercinlik-deniz-magarasi-300x164.png 300w, https:\/\/www.gotatil.com\/blog\/wp-content\/uploads\/2022\/08\/guvercinlik-deniz-magarasi-380x207.png 380w\" sizes=\"(max-width: 722px) 100vw, 722px\" \/><\/figure>\n\n\n\n<p>Kalkan\u2019da bulunan bir di\u011fer g\u00f6r\u00fclmeye de\u011fer yer de G\u00fcvercinlik Deniz Ma\u011faras\u0131. T\u0131pk\u0131 Mavi Ma\u011fara gibi denizden ula\u015fabilece\u011finiz G\u00fcvercinlik, ad\u0131n\u0131 i\u00e7inde ya\u015fayan binlerce yabani g\u00fcvercinden al\u0131yor.&nbsp;<\/p>\n\n\n\n<p>B\u00f6lgenin en dikkat \u00e7eken jeolojik olu\u015fumlar\u0131ndan biri olan G\u00fcvercinlik Deniz Ma\u011faras\u0131, kesinlikle g\u00f6rmeniz gereken yerlerden biri olarak g\u00f6steriliyor. Ma\u011faraya karadan ula\u015f\u0131m olmad\u0131\u011f\u0131 i\u00e7in tekne turlar\u0131 ile gitmeniz gerekiyor.&nbsp;<\/p>\n\n\n\n<h2 class=\"wp-block-heading\"><span class=\"ez-toc-section\" id=\"Saklikent_Kanyonu\"><\/span><strong>Sakl\u0131kent Kanyonu<\/strong><span class=\"ez-toc-section-end\"><\/span><\/h2>\n\n\n\n<figure class=\"wp-block-image size-full\"><img loading=\"lazy\" decoding=\"async\" width=\"713\" height=\"462\" src=\"https:\/\/www.gotatil.com\/blog\/wp-content\/uploads\/2022\/08\/saklikent-kanyonu.png\" alt=\"\" class=\"wp-image-2565\" srcset=\"https:\/\/www.gotatil.com\/blog\/wp-content\/uploads\/2022\/08\/saklikent-kanyonu.png 713w, https:\/\/www.gotatil.com\/blog\/wp-content\/uploads\/2022\/08\/saklikent-kanyonu-300x194.png 300w, https:\/\/www.gotatil.com\/blog\/wp-content\/uploads\/2022\/08\/saklikent-kanyonu-380x246.png 380w\" sizes=\"(max-width: 713px) 100vw, 713px\" \/><\/figure>\n\n\n\n<p>Kalkan\u2019dan arac\u0131n\u0131zla yakla\u015f\u0131k 40 kilometrelik bir yol kat ederek Sakl\u0131kent Kanyonu\u2019na ula\u015fabilmeniz m\u00fcmk\u00fcn. Fethiye ile Kalkan aras\u0131nda bulunan bu muhte\u015fem kanyon, t\u00fcm g\u00fcn\u00fcn\u00fcz\u00fc ge\u00e7irebilece\u011finiz kadar b\u00fcy\u00fck.<\/p>\n\n\n\n<p>Akan serin sular\u0131 ile yaz s\u0131ca\u011f\u0131n\u0131 unutaca\u011f\u0131n\u0131z Sakl\u0131kent Kanyonu\u2019nda olduk\u00e7a g\u00fczel bir rafting parkuru da bulunuyor. E\u011fer g\u00fcn\u00fcn\u00fcze heyecan katmak isterseniz, her seviyeden macerapereste uygun olan bu rafting parkurlar\u0131n\u0131 da deneyebilirsiniz.&nbsp;<\/p>\n\n\n\n<p><a href=\"https:\/\/www.gotatil.com\/blog\/fethiye-saklikent\/\" target=\"_blank\" rel=\"noreferrer noopener\">Sakl\u0131kent Kanyonu<\/a>, ayn\u0131 zamanda do\u011fa y\u00fcr\u00fcy\u00fc\u015f\u00fc yapabilece\u011finiz parkurlara da sahip. Diledi\u011finiz gibi e\u011flenece\u011finiz ve \u00e7ok keyifli vakit ge\u00e7irece\u011finiz bir g\u00fcn sunan bu kanyonu mutlaka program\u0131n\u0131za dahil etmelisiniz.<\/p>\n\n\n\n<h2 class=\"wp-block-heading\"><span class=\"ez-toc-section\" id=\"Myra_Antik_Kenti\"><\/span><strong>Myra Antik Kenti<\/strong><span class=\"ez-toc-section-end\"><\/span><\/h2>\n\n\n\n<figure class=\"wp-block-image size-full\"><img loading=\"lazy\" decoding=\"async\" width=\"734\" height=\"488\" src=\"https:\/\/www.gotatil.com\/blog\/wp-content\/uploads\/2022\/08\/myra-antik-kenti.png\" alt=\"\" class=\"wp-image-2566\" srcset=\"https:\/\/www.gotatil.com\/blog\/wp-content\/uploads\/2022\/08\/myra-antik-kenti.png 734w, https:\/\/www.gotatil.com\/blog\/wp-content\/uploads\/2022\/08\/myra-antik-kenti-300x199.png 300w, https:\/\/www.gotatil.com\/blog\/wp-content\/uploads\/2022\/08\/myra-antik-kenti-380x253.png 380w\" sizes=\"(max-width: 734px) 100vw, 734px\" \/><\/figure>\n\n\n\n<p>E\u011fer b\u00f6lgenin sadece do\u011fal g\u00fczellikleriyle s\u0131n\u0131rl\u0131 kalmay\u0131p, ba\u015f d\u00f6nd\u00fcren bir tarihe de \u015fahit olmak istiyorsan\u0131z, Myra Antik Kenti\u2019ni kesinlikle ziyaret etmelisiniz. Kalkan\u2019dan yakla\u015f\u0131k 60 kilometre uzakl\u0131kta bulunan bu antik kent, b\u00f6lgenin tarihini yak\u0131ndan g\u00f6rebilece\u011finiz yerlerden bir tanesi.&nbsp;<\/p>\n\n\n\n<p>Roma d\u00f6neminde in\u015fa edilen bir tiyatroya sahip olan Myra Antik Kenti, ayn\u0131 zamanda Noel Baba Kilisesi ile de tan\u0131n\u0131yor. Pek \u00e7ok ki\u015fi, Noel Baba\u2019n\u0131n bu antik kentte do\u011fup ya\u015fad\u0131\u011f\u0131na inan\u0131yor.&nbsp;<\/p>\n\n\n\n<p>Myra Antik Kenti, y\u0131l\u0131n her d\u00f6neminde ziyarete a\u00e7\u0131k.<\/p>\n\n\n\n<h2 class=\"wp-block-heading\"><span class=\"ez-toc-section\" id=\"Xanthos_Antik_Kenti\"><\/span><strong>Xanthos Antik Kenti<\/strong><span class=\"ez-toc-section-end\"><\/span><\/h2>\n\n\n\n<figure class=\"wp-block-image size-full\"><img loading=\"lazy\" decoding=\"async\" width=\"867\" height=\"555\" src=\"https:\/\/www.gotatil.com\/blog\/wp-content\/uploads\/2022\/08\/xanthos-antik-kenti.png\" alt=\"\" class=\"wp-image-2567\" srcset=\"https:\/\/www.gotatil.com\/blog\/wp-content\/uploads\/2022\/08\/xanthos-antik-kenti.png 867w, https:\/\/www.gotatil.com\/blog\/wp-content\/uploads\/2022\/08\/xanthos-antik-kenti-300x192.png 300w, https:\/\/www.gotatil.com\/blog\/wp-content\/uploads\/2022\/08\/xanthos-antik-kenti-768x492.png 768w, https:\/\/www.gotatil.com\/blog\/wp-content\/uploads\/2022\/08\/xanthos-antik-kenti-380x243.png 380w, https:\/\/www.gotatil.com\/blog\/wp-content\/uploads\/2022\/08\/xanthos-antik-kenti-800x512.png 800w\" sizes=\"(max-width: 867px) 100vw, 867px\" \/><\/figure>\n\n\n\n<p>B\u00f6lgenin bir di\u011fer antik eseri olan Xanthos Antik Kenti, Kalkan\u2019dan Ka\u015f\u2019a do\u011fru ilerlerken kar\u015f\u0131n\u0131za \u00e7\u0131kacak. Kalkan kent merkezine yakla\u015f\u0131k olarak 20 kilometre mesafede bulunan bu antik kent, tarih boyunca pek \u00e7ok hikayeye konu olmu\u015f bir ge\u00e7mi\u015fe sahip.&nbsp;<\/p>\n\n\n\n<p>\u00d6zellikle, i\u015fgal alt\u0131na girdi\u011fi d\u00f6nemde, teslim olmak yerine t\u00fcm halk\u0131 ile beraber intihar etmesiyle tan\u0131nan antik kent, Likya medeniyetinin en \u00f6nemli \u015fehirlerinden biri olarak biliniyor. Milattan \u00f6nce sekizinci y\u00fczy\u0131la kadar uzanan tarihi ile, Kalkan ve \u00e7evresinin en eski eserlerinden biri olarak kabul ediliyor.&nbsp;<\/p>\n\n\n\n<p>Xanthos Antik Kenti, ayn\u0131 zamanda olduk\u00e7a etkileyici bir manzaraya da sahip. Bu tarihi yap\u0131y\u0131 ziyaret ederken, mutlaka foto\u011fraf makinenizi yan\u0131n\u0131zda bulundurmal\u0131s\u0131n\u0131z.&nbsp;<\/p>\n\n\n\n<h2 class=\"wp-block-heading\"><span class=\"ez-toc-section\" id=\"Kekova\"><\/span><strong>Kekova<\/strong><span class=\"ez-toc-section-end\"><\/span><\/h2>\n\n\n\n<figure class=\"wp-block-image size-full\"><img loading=\"lazy\" decoding=\"async\" width=\"759\" height=\"455\" src=\"https:\/\/www.gotatil.com\/blog\/wp-content\/uploads\/2022\/08\/kekova.png\" alt=\"\" class=\"wp-image-2568\" srcset=\"https:\/\/www.gotatil.com\/blog\/wp-content\/uploads\/2022\/08\/kekova.png 759w, https:\/\/www.gotatil.com\/blog\/wp-content\/uploads\/2022\/08\/kekova-300x180.png 300w, https:\/\/www.gotatil.com\/blog\/wp-content\/uploads\/2022\/08\/kekova-380x228.png 380w\" sizes=\"(max-width: 759px) 100vw, 759px\" \/><\/figure>\n\n\n\n<p>Kekova, Kalkan\u2019dan yakla\u015f\u0131k olarak 55 kilometre uzakl\u0131kta bulunuyor. \u00d6zellikle, tarihi yap\u0131lar\u0131 ile dikkat \u00e7eken Kekova, Kalkan tatiliniz s\u0131ras\u0131nda mutlaka g\u00f6rmeniz gereken yerlerden biri olarak g\u00f6steriliyor.<\/p>\n\n\n\n<p>Kekova, depremlerle su alt\u0131nda kalm\u0131\u015f bir antik \u015fehre ev sahipli\u011fi yap\u0131yor. Suyun \u00fczerinde, huzurlu ve kusursuz bir do\u011fa sunarken, suyun alt\u0131nda da bamba\u015fka bir d\u00fcnyay\u0131 ziyaret\u00e7ileriyle bulu\u015fturuyor.&nbsp;<\/p>\n\n\n\n<p>Antik kentin suyun alt\u0131nda kalan b\u00f6l\u00fcm\u00fcne, t\u00fcpl\u00fc dal\u0131\u015f yaparak ula\u015fabilmek m\u00fcmk\u00fcn. B\u00f6lgede, e\u011fitmenler e\u015fli\u011finde ger\u00e7ekle\u015ftirilen pek \u00e7ok farkl\u0131 dal\u0131\u015f turu bulunuyor. Yine ayn\u0131 \u015fekilde, tekne turlar\u0131 arac\u0131l\u0131\u011f\u0131yla, antik kentin kal\u0131nt\u0131lar\u0131n\u0131 suyun \u00fczerinde g\u00f6rebilmek de m\u00fcmk\u00fcn.&nbsp;<\/p>\n\n\n\n<h2 class=\"wp-block-heading\"><span class=\"ez-toc-section\" id=\"Seyrek_Cakil_Plaji\"><\/span><strong>Seyrek \u00c7ak\u0131l Plaj\u0131<\/strong><span class=\"ez-toc-section-end\"><\/span><\/h2>\n\n\n\n<figure class=\"wp-block-image size-full\"><img loading=\"lazy\" decoding=\"async\" width=\"873\" height=\"523\" src=\"https:\/\/www.gotatil.com\/blog\/wp-content\/uploads\/2022\/08\/seyrek-cakil-plaji-1.png\" alt=\"\" class=\"wp-image-2571\" srcset=\"https:\/\/www.gotatil.com\/blog\/wp-content\/uploads\/2022\/08\/seyrek-cakil-plaji-1.png 873w, https:\/\/www.gotatil.com\/blog\/wp-content\/uploads\/2022\/08\/seyrek-cakil-plaji-1-300x180.png 300w, https:\/\/www.gotatil.com\/blog\/wp-content\/uploads\/2022\/08\/seyrek-cakil-plaji-1-768x460.png 768w, https:\/\/www.gotatil.com\/blog\/wp-content\/uploads\/2022\/08\/seyrek-cakil-plaji-1-380x228.png 380w, https:\/\/www.gotatil.com\/blog\/wp-content\/uploads\/2022\/08\/seyrek-cakil-plaji-1-800x479.png 800w\" sizes=\"(max-width: 873px) 100vw, 873px\" \/><\/figure>\n\n\n\n<p>Kalkan\u2019\u0131n gizli kalm\u0131\u015f g\u00fczelliklerinden biri olan Seyrek \u00c7ak\u0131l Plaj\u0131, sadece 11 kilometrelik bir ara\u00e7 yolculu\u011fu ile kolayca ula\u015fabilece\u011finiz bir mesafede yer al\u0131yor. E\u011fer sakin bir ortamda denize girmek, dalgas\u0131 olmayan bir koyda vakit ge\u00e7irmek istiyorsan\u0131z, Seyrek \u00c7ak\u0131l Plaj\u0131 tam arad\u0131\u011f\u0131n\u0131z yer olabilir!<\/p>\n\n\n\n<p>Plaj, \u00e7ok ge\u00e7 ke\u015ffedildi\u011fi i\u00e7in do\u011fal g\u00fczelliklerini en iyi \u015fekilde korumay\u0131 ba\u015far\u0131yor. Bu b\u00f6lgede denize girerken, kendinizi adeta ba\u015fka bir d\u00fcnyada hissedecek, her an\u0131ndan keyif alaca\u011f\u0131n\u0131z bir deneyim ya\u015fayacaks\u0131n\u0131z.<\/p>\n\n\n\n<h2 class=\"wp-block-heading\"><span class=\"ez-toc-section\" id=\"Kalkanda_Kesfedilecek_Cok_Yer_Var\"><\/span><strong>Kalkan\u2019da Ke\u015ffedilecek \u00c7ok Yer Var!<\/strong><span class=\"ez-toc-section-end\"><\/span><\/h2>\n\n\n\n<p>Kalkan, tarihi dokusu, do\u011fal g\u00fczellikleri ve farkl\u0131 aktivite olanaklar\u0131 ile ger\u00e7ekten g\u00f6r\u00fclmeye de\u011fer bir b\u00f6lge. Bu b\u00f6lgede tatil yaparken, \u00f6zg\u00fcr bir \u015fekilde hareket edebilmek ad\u0131na kiral\u0131k villa tatilini tercih edebilirsiniz.&nbsp;<\/p>\n\n\n\n<p><a href=\"https:\/\/www.gotatil.com\/kalkan-kiralik-villa\" target=\"_blank\" rel=\"noreferrer noopener\">Kalkan kiral\u0131k villalar\u0131<\/a>, t\u00fcm bu gezilecek yerler ve daha fazlas\u0131na, diledi\u011finiz her an \u00f6zg\u00fcrce ula\u015fabilmenizi sa\u011fl\u0131yor. GoTatil g\u00fcvencesi ile kiralayabilece\u011finiz, en iyi Kalkan kiral\u0131k villalar\u0131 ile hem b\u00f6lgeyi ke\u015ffedebilir hem de size ait bir villada olman\u0131n ayr\u0131cal\u0131klar\u0131n\u0131 ya\u015fayabilirsiniz.<\/p>\n\n\n\n<p>\u0130slamlar, \u00dcz\u00fcml\u00fc, Kalkan, Ka\u015f gibi pek \u00e7ok b\u00f6lgede, geni\u015f kiral\u0131k villa portf\u00f6y\u00fc ile sizi bekleyen GoTatil, tatilinizi e\u015fsiz bir atmosferde ge\u00e7irece\u011finizi garanti ediyor! Kalkan gibi do\u011fa harikas\u0131 bir b\u00f6lgeyi, hayat boyu unutamayaca\u011f\u0131n\u0131z kadar g\u00fczel bir tatilde ke\u015ffetmek istiyorsan\u0131z, GoTatil ile hemen rezervasyonunuzu yapabilirsiniz!<\/p>\n","protected":false},"excerpt":{"rendered":"<p>Kalkan, her y\u0131l binlerce turiste ev sahipli\u011fi yapan, muhte\u015fem do\u011fas\u0131 ve g\u00fczellikleri ile tan\u0131nan kusursuz bir belde. Do\u011fal g\u00fczellikleri ile dikkat \u00e7eken Kalkan, ayn\u0131 zamanda gezilecek ve g\u00f6r\u00fclecek pek \u00e7ok cazibe merkezine sahip.&nbsp; Tarih boyunca, medeniyetlerin u\u011frak noktas\u0131 olmu\u015f ve her zaman el \u00fcst\u00fcnde tutulmu\u015f olan bu b\u00f6lgede, her g\u00fcn\u00fcn\u00fcz\u00fc dolu dolu ge\u00e7irmeniz ve unutulmaz &hellip;<\/p>\n","protected":false},"author":1,"featured_media":2570,"comment_status":"open","ping_status":"open","sticky":false,"template":"","format":"standard","meta":{"footnotes":""},"categories":[61,23],"tags":[],"class_list":["post-2435","post","type-post","status-publish","format-standard","has-post-thumbnail","hentry","category-akdeniz","category-gezilecek-yerler"],"_links":{"self":[{"href":"https:\/\/www.gotatil.com\/blog\/wp-json\/wp\/v2\/posts\/2435"}],"collection":[{"href":"https:\/\/www.gotatil.com\/blog\/wp-json\/wp\/v2\/posts"}],"about":[{"href":"https:\/\/www.gotatil.com\/blog\/wp-json\/wp\/v2\/types\/post"}],"author":[{"embeddable":true,"href":"https:\/\/www.gotatil.com\/blog\/wp-json\/wp\/v2\/users\/1"}],"replies":[{"embeddable":true,"href":"https:\/\/www.gotatil.com\/blog\/wp-json\/wp\/v2\/comments?post=2435"}],"version-history":[{"count":0,"href":"https:\/\/www.gotatil.com\/blog\/wp-json\/wp\/v2\/posts\/2435\/revisions"}],"wp:featuredmedia":[{"embeddable":true,"href":"https:\/\/www.gotatil.com\/blog\/wp-json\/wp\/v2\/media\/2570"}],"wp:attachment":[{"href":"https:\/\/www.gotatil.com\/blog\/wp-json\/wp\/v2\/media?parent=2435"}],"wp:term":[{"taxonomy":"category","embeddable":true,"href":"https:\/\/www.gotatil.com\/blog\/wp-json\/wp\/v2\/categories?post=2435"},{"taxonomy":"post_tag","embeddable":true,"href":"https:\/\/www.gotatil.com\/blog\/wp-json\/wp\/v2\/tags?post=2435"}],"curies":[{"name":"wp","href":"https:\/\/api.w.org\/{rel}","templated":true}]}}