{"id":2292,"date":"2022-06-07T10:30:00","date_gmt":"2022-06-07T07:30:00","guid":{"rendered":"https:\/\/www.gotatil.com\/blog\/?p=2292"},"modified":"2023-04-25T22:59:21","modified_gmt":"2023-04-25T19:59:21","slug":"patara-plaji","status":"publish","type":"post","link":"https:\/\/www.gotatil.com\/blog\/patara-plaji\/","title":{"rendered":"Patara Plaj\u0131"},"content":{"rendered":"\n<p>D\u00fcnyan\u0131n neredeyse her \u00fclkesinden ziyaret\u00e7i \u00e7eken, Akdeniz\u2019in en g\u00fczel plajlar\u0131ndan biri olan Patara Plaj\u0131 mutlaka g\u00f6r\u00fclmesi gereken yerlerin ba\u015f\u0131nda geliyor. Tarihin neredeyse her d\u00f6neminde ilgi \u00e7ekmeyi ba\u015faran bu do\u011fal g\u00fczellik, bug\u00fcn de pek \u00e7ok ki\u015fiye unutulmaz an\u0131lar ya\u015fat\u0131yor.<\/p>\n\n\n\n<p>Patara Plaj\u0131, \u00f6zellikle sonsuz beyaz kumlar\u0131 ile \u00fcnl\u00fc. Plajda dola\u015f\u0131rken, kendinizi adeta bir \u00e7\u00f6ldeymi\u015f gibi hissedebilmek m\u00fcmk\u00fcn. T\u00fcm bunlara ek olarak, Akdeniz\u2019in serin ve temiz sular\u0131na kendinizi b\u0131rakabilece\u011finiz plajdan asla ayr\u0131lmak istemeyeceksiniz.&nbsp;<\/p>\n\n\n\n<figure class=\"wp-block-image size-full\"><img fetchpriority=\"high\" decoding=\"async\" width=\"640\" height=\"360\" src=\"https:\/\/www.gotatil.com\/blog\/wp-content\/uploads\/2022\/06\/patara-plaj.jpg\" alt=\"\" class=\"wp-image-2295\" srcset=\"https:\/\/www.gotatil.com\/blog\/wp-content\/uploads\/2022\/06\/patara-plaj.jpg 640w, https:\/\/www.gotatil.com\/blog\/wp-content\/uploads\/2022\/06\/patara-plaj-300x169.jpg 300w, https:\/\/www.gotatil.com\/blog\/wp-content\/uploads\/2022\/06\/patara-plaj-380x214.jpg 380w\" sizes=\"(max-width: 640px) 100vw, 640px\" \/><\/figure>\n\n\n\n<div id=\"ez-toc-container\" class=\"ez-toc-v2_0_71 counter-hierarchy ez-toc-counter ez-toc-light-blue ez-toc-container-direction\">\n<label for=\"ez-toc-cssicon-toggle-item-69f49aa6b2c31\" class=\"ez-toc-cssicon-toggle-label\"><span class=\"\"><span class=\"eztoc-hide\" style=\"display:none;\">Toggle<\/span><span class=\"ez-toc-icon-toggle-span\"><svg style=\"fill: #999;color:#999\" xmlns=\"http:\/\/www.w3.org\/2000\/svg\" class=\"list-377408\" width=\"20px\" height=\"20px\" viewBox=\"0 0 24 24\" fill=\"none\"><path d=\"M6 6H4v2h2V6zm14 0H8v2h12V6zM4 11h2v2H4v-2zm16 0H8v2h12v-2zM4 16h2v2H4v-2zm16 0H8v2h12v-2z\" fill=\"currentColor\"><\/path><\/svg><svg style=\"fill: #999;color:#999\" class=\"arrow-unsorted-368013\" xmlns=\"http:\/\/www.w3.org\/2000\/svg\" width=\"10px\" height=\"10px\" viewBox=\"0 0 24 24\" version=\"1.2\" baseProfile=\"tiny\"><path d=\"M18.2 9.3l-6.2-6.3-6.2 6.3c-.2.2-.3.4-.3.7s.1.5.3.7c.2.2.4.3.7.3h11c.3 0 .5-.1.7-.3.2-.2.3-.5.3-.7s-.1-.5-.3-.7zM5.8 14.7l6.2 6.3 6.2-6.3c.2-.2.3-.5.3-.7s-.1-.5-.3-.7c-.2-.2-.4-.3-.7-.3h-11c-.3 0-.5.1-.7.3-.2.2-.3.5-.3.7s.1.5.3.7z\"\/><\/svg><\/span><\/span><\/label><input type=\"checkbox\"  id=\"ez-toc-cssicon-toggle-item-69f49aa6b2c31\"  aria-label=\"Toggle\" \/><nav><ul class='ez-toc-list ez-toc-list-level-1 ' ><li class='ez-toc-page-1 ez-toc-heading-level-2'><a class=\"ez-toc-link ez-toc-heading-1\" href=\"https:\/\/www.gotatil.com\/blog\/patara-plaji\/#Patara_Plaji_Nerede\" title=\"Patara Plaj\u0131 Nerede?\">Patara Plaj\u0131 Nerede?<\/a><\/li><li class='ez-toc-page-1 ez-toc-heading-level-2'><a class=\"ez-toc-link ez-toc-heading-2\" href=\"https:\/\/www.gotatil.com\/blog\/patara-plaji\/#Patara_Hangi_Ilde_Bulunuyor\" title=\"Patara Hangi \u0130lde Bulunuyor?\">Patara Hangi \u0130lde Bulunuyor?<\/a><\/li><li class='ez-toc-page-1 ez-toc-heading-level-2'><a class=\"ez-toc-link ez-toc-heading-3\" href=\"https:\/\/www.gotatil.com\/blog\/patara-plaji\/#Patara_Plajinun_Uzunlugu_%E2%80%93_Plaj_Kac_Kilometre\" title=\"Patara Plaj\u0131\u2019nun Uzunlu\u011fu &#8211; Plaj Ka\u00e7 Kilometre?\">Patara Plaj\u0131\u2019nun Uzunlu\u011fu &#8211; Plaj Ka\u00e7 Kilometre?<\/a><\/li><li class='ez-toc-page-1 ez-toc-heading-level-2'><a class=\"ez-toc-link ez-toc-heading-4\" href=\"https:\/\/www.gotatil.com\/blog\/patara-plaji\/#Patara_Sahilinde_Kusursuz_Bir_Deneyim\" title=\"Patara Sahilinde Kusursuz Bir Deneyim\">Patara Sahilinde Kusursuz Bir Deneyim<\/a><\/li><li class='ez-toc-page-1 ez-toc-heading-level-2'><a class=\"ez-toc-link ez-toc-heading-5\" href=\"https:\/\/www.gotatil.com\/blog\/patara-plaji\/#Patara_Kum_Tepeleri_Fotograf_Icin_Ideal\" title=\"Patara Kum Tepeleri Foto\u011fraf \u0130\u00e7in \u0130deal\">Patara Kum Tepeleri Foto\u011fraf \u0130\u00e7in \u0130deal<\/a><\/li><li class='ez-toc-page-1 ez-toc-heading-level-2'><a class=\"ez-toc-link ez-toc-heading-6\" href=\"https:\/\/www.gotatil.com\/blog\/patara-plaji\/#Patara_Plajinda_Yuzulur_Mu\" title=\"Patara Plaj\u0131\u2019nda Y\u00fcz\u00fcl\u00fcr M\u00fc?\">Patara Plaj\u0131\u2019nda Y\u00fcz\u00fcl\u00fcr M\u00fc?<\/a><\/li><li class='ez-toc-page-1 ez-toc-heading-level-2'><a class=\"ez-toc-link ez-toc-heading-7\" href=\"https:\/\/www.gotatil.com\/blog\/patara-plaji\/#Patara_Plaji_Giris_Ucreti\" title=\"Patara Plaj\u0131 Giri\u015f \u00dccreti\">Patara Plaj\u0131 Giri\u015f \u00dccreti<\/a><\/li><li class='ez-toc-page-1 ez-toc-heading-level-2'><a class=\"ez-toc-link ez-toc-heading-8\" href=\"https:\/\/www.gotatil.com\/blog\/patara-plaji\/#Patara_Cevresinde_Gezilecek_Yerler\" title=\"Patara \u00c7evresinde Gezilecek Yerler\">Patara \u00c7evresinde Gezilecek Yerler<\/a><\/li><\/ul><\/nav><\/div>\n<h2 class=\"wp-block-heading\"><span class=\"ez-toc-section\" id=\"Patara_Plaji_Nerede\"><\/span><strong>Patara Plaj\u0131 Nerede?<\/strong><span class=\"ez-toc-section-end\"><\/span><\/h2>\n\n\n\n<p>Patara Plaj\u0131, Ka\u015f ve Fethiye aras\u0131nda bulunuyor. Konum olarak, Ka\u015f\u2019\u0131n Gelemi\u015f Mahallesi\u2019ne ba\u011fl\u0131 bir plaj. Gelemi\u015f K\u00f6y\u00fc\u2019ne gitti\u011finiz zaman, yakla\u015f\u0131k 20 &#8211; 25 dakikal\u0131k bir y\u00fcr\u00fcy\u00fc\u015f yaparak plaja ula\u015fabilmeniz m\u00fcmk\u00fcn. Buna ek olarak, Kalkan\u2019dan yakla\u015f\u0131k 11 kilometre yol kat ederek plaja gidebilirsiniz.&nbsp;<\/p>\n\n\n\n<h2 class=\"wp-block-heading\"><span class=\"ez-toc-section\" id=\"Patara_Hangi_Ilde_Bulunuyor\"><\/span><strong>Patara Hangi \u0130lde Bulunuyor?<\/strong><span class=\"ez-toc-section-end\"><\/span><\/h2>\n\n\n\n<p>Patara, Antalya iline ba\u011fl\u0131. Antalya \u015fehir merkezinden, yakla\u015f\u0131k olarak 220 kilometrelik bir yol kat ederek plaja ula\u015fmak m\u00fcmk\u00fcn.<\/p>\n\n\n\n<h2 class=\"wp-block-heading\"><span class=\"ez-toc-section\" id=\"Patara_Plajinun_Uzunlugu_%E2%80%93_Plaj_Kac_Kilometre\"><\/span><strong>Patara Plaj\u0131\u2019nun Uzunlu\u011fu &#8211; Plaj Ka\u00e7 Kilometre?<\/strong><span class=\"ez-toc-section-end\"><\/span><\/h2>\n\n\n\n<p>Patara Plaj\u0131, Akdeniz\u2019in en uzun plajlar\u0131ndan biri olarak biliniyor. Tamam\u0131 beyaz kumlarla kapl\u0131 olan bu muhte\u015fem plaj\u0131n uzunlu\u011fu 12 kilometre.&nbsp;<\/p>\n\n\n\n<p>\u00d6zellikle, do\u011fru foto\u011fraf a\u00e7\u0131lar\u0131n\u0131 yakalad\u0131\u011f\u0131n\u0131z zaman, u\u00e7suz bucaks\u0131z bir \u00e7\u00f6ldeymi\u015f gibi foto\u011fraflar \u00e7ekebilmeniz m\u00fcmk\u00fcn.&nbsp;<\/p>\n\n\n\n<h2 class=\"wp-block-heading\"><span class=\"ez-toc-section\" id=\"Patara_Sahilinde_Kusursuz_Bir_Deneyim\"><\/span><strong>Patara Sahilinde Kusursuz Bir Deneyim<\/strong><span class=\"ez-toc-section-end\"><\/span><\/h2>\n\n\n\n<figure class=\"wp-block-image size-full\"><img decoding=\"async\" width=\"840\" height=\"526\" src=\"https:\/\/www.gotatil.com\/blog\/wp-content\/uploads\/2022\/06\/patara-plaji.jpg\" alt=\"\" class=\"wp-image-2297\" srcset=\"https:\/\/www.gotatil.com\/blog\/wp-content\/uploads\/2022\/06\/patara-plaji.jpg 840w, https:\/\/www.gotatil.com\/blog\/wp-content\/uploads\/2022\/06\/patara-plaji-300x188.jpg 300w, https:\/\/www.gotatil.com\/blog\/wp-content\/uploads\/2022\/06\/patara-plaji-768x481.jpg 768w, https:\/\/www.gotatil.com\/blog\/wp-content\/uploads\/2022\/06\/patara-plaji-380x238.jpg 380w, https:\/\/www.gotatil.com\/blog\/wp-content\/uploads\/2022\/06\/patara-plaji-800x501.jpg 800w\" sizes=\"(max-width: 840px) 100vw, 840px\" \/><\/figure>\n\n\n\n<p>Antalya\u2019ya giden herkesin g\u00f6rmesi gereken yerlerin ba\u015f\u0131nda gelen Patara, ger\u00e7ek anlamda unutulmaz bir deneyim ya\u015fat\u0131yor. Sahilde yapabilece\u011finiz pek \u00e7ok aktivite varken, ayn\u0131 zamanda b\u00f6lgenin tarihini incelemek ad\u0131na \u00e7evrede ke\u015ffe \u00e7\u0131kabilmek de m\u00fcmk\u00fcn.&nbsp;<\/p>\n\n\n\n<p>Patara sahili, sadece insanlar\u0131n de\u011fil, do\u011fan\u0131n da g\u00f6z bebe\u011fi. Caretta Caretta kaplumba\u011falar\u0131n\u0131n yumurtlama alanlar\u0131ndan biri olan Patara\u2019da, e\u011fer \u015fansl\u0131 g\u00fcn\u00fcn\u00fczdeyseniz su kaplumba\u011falar\u0131yla bir arada y\u00fczebilirsiniz.&nbsp;<\/p>\n\n\n\n<p>Yine ayn\u0131 \u015fekilde, sadece bu plaja \u00f6zg\u00fc olan kum zambaklar\u0131n\u0131 da g\u00f6rmeyi unutmay\u0131n. \u00c7ok nadir g\u00f6r\u00fclen bu endemik bitkinin, g\u00f6renlere \u015fans getirdi\u011fine dair inan\u0131\u015flar mevcut.&nbsp;<\/p>\n\n\n\n<h2 class=\"wp-block-heading\"><span class=\"ez-toc-section\" id=\"Patara_Kum_Tepeleri_Fotograf_Icin_Ideal\"><\/span><strong>Patara Kum Tepeleri Foto\u011fraf \u0130\u00e7in \u0130deal<\/strong><span class=\"ez-toc-section-end\"><\/span><\/h2>\n\n\n\n<p>Patara kum tepeleri, plaj\u0131n do\u011fal g\u00fczelliklerinden sadece bir tanesi. Bu muhte\u015fem plajda, yeri geldi\u011finde Caretta Caretta kaplumba\u011falar\u0131yla y\u00fczmek, yeri geldi\u011finde ise kum tepelerinde e\u015fsiz foto\u011fraflar \u00e7ekebilmek m\u00fcmk\u00fcn.&nbsp;<\/p>\n\n\n\n<p>Plaj\u0131n yap\u0131s\u0131 ve beyaz kumlar\u0131, r\u00fczgarlar ile birlikte tepecik formasyonu halinde birikiyor. 12 kilometrelik sahil \u015feridinde, yer yer kar\u015f\u0131n\u0131za \u00e7\u0131kabilecek olan bu tepeler, \u00f6zellikle g\u00fcne\u015f batarken muhte\u015fem bir manzara sunuyor.&nbsp;<\/p>\n\n\n\n<figure class=\"wp-block-image size-large\"><img decoding=\"async\" width=\"1024\" height=\"386\" src=\"https:\/\/www.gotatil.com\/blog\/wp-content\/uploads\/2022\/06\/patara-plaji-kum-tepeleri-1-1024x386.jpg\" alt=\"\" class=\"wp-image-2299\" srcset=\"https:\/\/www.gotatil.com\/blog\/wp-content\/uploads\/2022\/06\/patara-plaji-kum-tepeleri-1-1024x386.jpg 1024w, https:\/\/www.gotatil.com\/blog\/wp-content\/uploads\/2022\/06\/patara-plaji-kum-tepeleri-1-300x113.jpg 300w, https:\/\/www.gotatil.com\/blog\/wp-content\/uploads\/2022\/06\/patara-plaji-kum-tepeleri-1-768x289.jpg 768w, https:\/\/www.gotatil.com\/blog\/wp-content\/uploads\/2022\/06\/patara-plaji-kum-tepeleri-1-380x143.jpg 380w, https:\/\/www.gotatil.com\/blog\/wp-content\/uploads\/2022\/06\/patara-plaji-kum-tepeleri-1-800x302.jpg 800w, https:\/\/www.gotatil.com\/blog\/wp-content\/uploads\/2022\/06\/patara-plaji-kum-tepeleri-1.jpg 1048w\" sizes=\"(max-width: 1024px) 100vw, 1024px\" \/><figcaption>Patara kum tepesinde g\u00fcn bat\u0131m\u0131<\/figcaption><\/figure>\n\n\n\n<p>E\u011fer foto\u011fraf \u00e7ekmekten ho\u015flan\u0131yorsan\u0131z, g\u00fcn bat\u0131m\u0131na yak\u0131n bir vakitte plaja gitmenizi tavsiye ederiz. \u00d6zellikle, kum tepelerini arkan\u0131za alarak \u00e7ekece\u011finiz foto\u011fraflar\u0131 \u00e7ok seveceksiniz!<\/p>\n\n\n\n<h2 class=\"wp-block-heading\"><span class=\"ez-toc-section\" id=\"Patara_Plajinda_Yuzulur_Mu\"><\/span><strong>Patara Plaj\u0131\u2019nda Y\u00fcz\u00fcl\u00fcr M\u00fc?<\/strong><span class=\"ez-toc-section-end\"><\/span><\/h2>\n\n\n\n<p>Patara Plaj\u0131, tertemiz sahili ile Akdeniz\u2019de y\u00fcz\u00fclebilecek en g\u00fczel plajlardan biri. Plaja her y\u0131l binlerce yerli ve yabanc\u0131 turist geliyor. Sit alan\u0131 olmas\u0131 sebebiyle, olduk\u00e7a iyi korunan plajda denize girmek \u00e7ok \u00f6zel bir deneyim olacak.&nbsp;<\/p>\n\n\n\n<p>Plajda y\u00fczmek i\u00e7in en iyi vakit sabah erken saatler. Saat sekizde ziyaret\u00e7ilere a\u00e7\u0131lan plaj, ak\u015fam sekize kadar ziyarete a\u00e7\u0131k kal\u0131yor. E\u011fer sabah erken saatlerde gidemezseniz, ak\u015fam g\u00fcn bat\u0131m\u0131nda plajda hem denize girebilir hem de muhte\u015fem manzaraya kar\u015f\u0131 foto\u011fraf \u00e7ekebilirsiniz.&nbsp;<\/p>\n\n\n\n<h2 class=\"wp-block-heading\"><span class=\"ez-toc-section\" id=\"Patara_Plaji_Giris_Ucreti\"><\/span><strong>Patara Plaj\u0131 Giri\u015f \u00dccreti<\/strong><span class=\"ez-toc-section-end\"><\/span><\/h2>\n\n\n\n<p>Patara Plaj\u0131\u2019na giri\u015f \u00fccreti bulunmuyor. Plajda, belediyeye ait bir i\u015fletme mevcut. Basit ihtiya\u00e7lar\u0131n\u0131z\u0131 temin edebilece\u011finiz bir b\u00fcfe yer al\u0131yor. Yine ayn\u0131 \u015fekilde, plajdaki bu i\u015fletmeden \u015fezlong ve \u015femsiye kiralayabilmeniz de m\u00fcmk\u00fcn.<\/p>\n\n\n\n<h2 class=\"wp-block-heading\"><span class=\"ez-toc-section\" id=\"Patara_Cevresinde_Gezilecek_Yerler\"><\/span><strong>Patara \u00c7evresinde Gezilecek Yerler<\/strong><span class=\"ez-toc-section-end\"><\/span><\/h2>\n\n\n\n<p>Patara Plaj\u0131, her ne kadar e\u015fsiz sahili ile \u00fcnl\u00fc olsa da asl\u0131nda tarihi dokusu da olduk\u00e7a dikkat \u00e7ekici. Bu b\u00f6lge, Akdeniz medeniyetleri i\u00e7inde \u00e7ok \u00f6nemli bir yeri olan Likya\u2019n\u0131n y\u00f6netim \u015fehirlerine ev sahipli\u011fi yapm\u0131\u015f durumda.&nbsp;<\/p>\n\n\n\n<figure class=\"wp-block-image size-full\"><img loading=\"lazy\" decoding=\"async\" width=\"740\" height=\"365\" src=\"https:\/\/www.gotatil.com\/blog\/wp-content\/uploads\/2022\/06\/patara.jpg\" alt=\"\" class=\"wp-image-2296\" srcset=\"https:\/\/www.gotatil.com\/blog\/wp-content\/uploads\/2022\/06\/patara.jpg 740w, https:\/\/www.gotatil.com\/blog\/wp-content\/uploads\/2022\/06\/patara-300x148.jpg 300w, https:\/\/www.gotatil.com\/blog\/wp-content\/uploads\/2022\/06\/patara-380x187.jpg 380w\" sizes=\"(max-width: 740px) 100vw, 740px\" \/><\/figure>\n\n\n\n<p>B\u00f6lgeye \u00e7ok yak\u0131n bir noktada bulunan Patara Antik Kenti, mutlaka g\u00f6rmeniz gereken yerlerin ba\u015f\u0131nda geliyor. Patara\u2019n\u0131n sadece do\u011fas\u0131n\u0131 de\u011fil, ayn\u0131 zamanda tarihini de tan\u0131man\u0131z\u0131 sa\u011flayacak olan bu antik kentte, olduk\u00e7a iyi korunmu\u015f bir tiyatro da bulunuyor.&nbsp;<\/p>\n\n\n\n<p>Patara, ayn\u0131 zamanda Ka\u015f ve Kalkan\u2019a olduk\u00e7a yak\u0131n bir konumda. B\u00f6lgeyi ziyaret etti\u011finizde, \u00e7ok k\u0131sa s\u00fcreli bir ara\u00e7 yolculu\u011fuyla her iki beldeye de ula\u015fabilirsiniz. Bu b\u00f6lgede hem tarihi yerleri ziyaret edebilir, Likya Yolu\u2019nda y\u00fcr\u00fcy\u00fc\u015f yapabilir ve birbirinden g\u00fczel di\u011fer koylar\u0131 g\u00f6rebilirsiniz.&nbsp;<\/p>\n\n\n\n<p>Kalkan veya Ka\u015f\u2019ta, GoTatil g\u00fcvencesi ile hayallerinizdeki villay\u0131 kiralayarak, Patara Plaj\u0131 da dahil olmak \u00fczere, b\u00f6lgenin t\u00fcm do\u011fal g\u00fczelliklerini ke\u015ffetmek \u00e7ok kolay olacak!<\/p>\n\n\n\n<ul class=\"wp-block-list\"><li><strong>Patara plaj\u0131 nerede? <\/strong><br>Gelemi\u015f K\u00f6y\u00fc\u2019ne gitti\u011finiz zaman, yakla\u015f\u0131k 20 &#8211; 25 dakikal\u0131k bir y\u00fcr\u00fcy\u00fc\u015f yaparak plaja ula\u015fabilmeniz m\u00fcmk\u00fcn. <\/li><li><strong>Patara plaj\u0131\u2019nda y\u00fcz\u00fcl\u00fcr m\u00fc?<\/strong> <br>Sit alan\u0131 olmas\u0131 sebebiyle, olduk\u00e7a iyi korunan plajda denize girmek \u00e7ok \u00f6zel bir deneyim olacak. <\/li><li><strong>Patara plaj\u0131 giri\u015fi \u00fccretli mi?<\/strong> <br>Patara Plaj\u0131\u2019na giri\u015f \u00fccreti bulunmuyor.<\/li><\/ul>\n","protected":false},"excerpt":{"rendered":"<p>D\u00fcnyan\u0131n neredeyse her \u00fclkesinden ziyaret\u00e7i \u00e7eken, Akdeniz\u2019in en g\u00fczel plajlar\u0131ndan biri olan Patara Plaj\u0131 mutlaka g\u00f6r\u00fclmesi gereken yerlerin ba\u015f\u0131nda geliyor. Tarihin neredeyse her d\u00f6neminde ilgi \u00e7ekmeyi ba\u015faran bu do\u011fal g\u00fczellik, bug\u00fcn de pek \u00e7ok ki\u015fiye unutulmaz an\u0131lar ya\u015fat\u0131yor. Patara Plaj\u0131, \u00f6zellikle sonsuz beyaz kumlar\u0131 ile \u00fcnl\u00fc. Plajda dola\u015f\u0131rken, kendinizi adeta bir \u00e7\u00f6ldeymi\u015f gibi hissedebilmek m\u00fcmk\u00fcn. &hellip;<\/p>\n","protected":false},"author":1,"featured_media":2297,"comment_status":"open","ping_status":"open","sticky":false,"template":"","format":"standard","meta":{"footnotes":""},"categories":[23,61],"tags":[],"class_list":["post-2292","post","type-post","status-publish","format-standard","has-post-thumbnail","hentry","category-gezilecek-yerler","category-akdeniz"],"_links":{"self":[{"href":"https:\/\/www.gotatil.com\/blog\/wp-json\/wp\/v2\/posts\/2292"}],"collection":[{"href":"https:\/\/www.gotatil.com\/blog\/wp-json\/wp\/v2\/posts"}],"about":[{"href":"https:\/\/www.gotatil.com\/blog\/wp-json\/wp\/v2\/types\/post"}],"author":[{"embeddable":true,"href":"https:\/\/www.gotatil.com\/blog\/wp-json\/wp\/v2\/users\/1"}],"replies":[{"embeddable":true,"href":"https:\/\/www.gotatil.com\/blog\/wp-json\/wp\/v2\/comments?post=2292"}],"version-history":[{"count":0,"href":"https:\/\/www.gotatil.com\/blog\/wp-json\/wp\/v2\/posts\/2292\/revisions"}],"wp:featuredmedia":[{"embeddable":true,"href":"https:\/\/www.gotatil.com\/blog\/wp-json\/wp\/v2\/media\/2297"}],"wp:attachment":[{"href":"https:\/\/www.gotatil.com\/blog\/wp-json\/wp\/v2\/media?parent=2292"}],"wp:term":[{"taxonomy":"category","embeddable":true,"href":"https:\/\/www.gotatil.com\/blog\/wp-json\/wp\/v2\/categories?post=2292"},{"taxonomy":"post_tag","embeddable":true,"href":"https:\/\/www.gotatil.com\/blog\/wp-json\/wp\/v2\/tags?post=2292"}],"curies":[{"name":"wp","href":"https:\/\/api.w.org\/{rel}","templated":true}]}}